{"id":24903,"date":"2023-12-30T11:20:36","date_gmt":"2023-12-30T16:20:36","guid":{"rendered":"https:\/\/enhuaraz.com\/?p=24903"},"modified":"2023-12-30T11:30:19","modified_gmt":"2023-12-30T16:30:19","slug":"memoria-a-un-grande-del-montanismo-mundial-nicolas-jeager","status":"publish","type":"post","link":"https:\/\/enhuaraz.com\/en\/memoria-a-un-grande-del-montanismo-mundial-nicolas-jeager\/","title":{"rendered":"Memorial to a great man of world mountaineering: Nicolas Jeager"},"content":{"rendered":"<div data-elementor-type=\"wp-post\" data-elementor-id=\"24903\" class=\"elementor elementor-24903\" data-elementor-post-type=\"post\">\n\t\t\t\t\t\t<section class=\"elementor-section elementor-top-section elementor-element elementor-element-0c894d4 elementor-section-boxed elementor-section-height-default elementor-section-height-default\" data-id=\"0c894d4\" data-element_type=\"section\">\n\t\t\t\t\t\t<div class=\"elementor-container elementor-column-gap-default\">\n\t\t\t\t\t<div class=\"elementor-column elementor-col-100 elementor-top-column elementor-element elementor-element-4be47b5\" data-id=\"4be47b5\" data-element_type=\"column\">\n\t\t\t<div class=\"elementor-widget-wrap elementor-element-populated\">\n\t\t\t\t\t\t<div class=\"elementor-element elementor-element-5a2ffa3 elementor-widget elementor-widget-text-editor\" data-id=\"5a2ffa3\" data-element_type=\"widget\" data-widget_type=\"text-editor.default\">\n\t\t\t\t<div class=\"elementor-widget-container\">\n\t\t\t\t\t\t\t\t\t<p>The French Alpinist Nicolas Jaeger was born on October 20, 1946. He ascended Mount Everest (88,848 m.) in 1978 together with his team Jean Afanassieff, they were the first to climb and then make the descent on skis. He has made more than 100 solo ascents in the Mont Blanc massif, including more than a dozen first ascents.<\/p><p>When Nicol\u00e1s came to the Peruvian Andes, he made important first solitary ascents, such as:<\/p><p><strong>WHITE MOUNTAIN<\/strong><\/p><p>Snowy Ranrapalca 6162 m. on the SE face, Nevado Palcaraju 6274 m. on the SE edge, Huascar\u00e1n on the NE edge. In 1978 Taulliraju 5830 m. along the SSE ridge, Abasraju 5550 m. on the E face, Huandoy Norte 6395 m. on the S face and the Chacraraju E (6001 m. ED, 650 m.) on the direct south face, Santa Cruz Grande 6259.<br \/>I spend 60 days at the southern summit of the snow-capped Huascar\u00e1n studying the physiological effects of staying at altitude on the human body. He wrote a book on this topic \u201cCarnet de Solitude\u201d<\/p>\t\t\t\t\t\t\t\t<\/div>\n\t\t\t\t<\/div>\n\t\t\t\t\t<\/div>\n\t\t<\/div>\n\t\t\t\t\t<\/div>\n\t\t<\/section>\n\t\t\t\t<section class=\"elementor-section elementor-top-section elementor-element elementor-element-5769eec elementor-section-boxed elementor-section-height-default elementor-section-height-default\" data-id=\"5769eec\" data-element_type=\"section\">\n\t\t\t\t\t\t<div class=\"elementor-container elementor-column-gap-default\">\n\t\t\t\t\t<div class=\"elementor-column elementor-col-100 elementor-top-column elementor-element elementor-element-a936bb2\" data-id=\"a936bb2\" data-element_type=\"column\">\n\t\t\t<div class=\"elementor-widget-wrap elementor-element-populated\">\n\t\t\t\t\t\t<div class=\"elementor-element elementor-element-c1a5779 elementor-widget elementor-widget-image\" data-id=\"c1a5779\" data-element_type=\"widget\" data-widget_type=\"image.default\">\n\t\t\t\t<div class=\"elementor-widget-container\">\n\t\t\t\t\t\t\t\t\t\t\t\t\t\t\t<img fetchpriority=\"high\" decoding=\"async\" width=\"768\" height=\"762\" src=\"https:\/\/enhuaraz.com\/wp-content\/uploads\/394535977_6880647422001066_1692250416249772915_n-768x762.jpg\" class=\"attachment-portfolio-mf-t size-portfolio-mf-t wp-image-24893\" alt=\"\" srcset=\"https:\/\/enhuaraz.com\/wp-content\/uploads\/\/394535977_6880647422001066_1692250416249772915_n-768x762.jpg 768w, https:\/\/enhuaraz.com\/wp-content\/uploads\/\/394535977_6880647422001066_1692250416249772915_n-150x150.jpg 150w\" sizes=\"(max-width:767px) 480px, (max-width:768px) 100vw, 768px\" \/>\t\t\t\t\t\t\t\t\t\t\t\t\t\t\t<\/div>\n\t\t\t\t<\/div>\n\t\t\t\t<div class=\"elementor-element elementor-element-9d87c2c elementor-widget elementor-widget-text-editor\" data-id=\"9d87c2c\" data-element_type=\"widget\" data-widget_type=\"text-editor.default\">\n\t\t\t\t<div class=\"elementor-widget-container\">\n\t\t\t\t\t\t\t\t\t<p><strong>HUAYHUASH MOUNTAIN RANGE<\/strong><\/p><p>In 1979 he returned to Peru to make new climbs in the Huayhuash mountain range:<br \/>Ninashanca 5607 m. on the south shoulder. Yerupaja 6634 m. on the west face and south edge, Trapeze 5634 m. in crossing the west shoulder and the north face, the complete crossing of the Rasac summits 6017 m. And on the other hand, spending 60 days at the summit of Huascar\u00e1n studying the physiological effects of staying at altitude; From his research he wrote the book \u201cCarnet de Solitude\u201d<\/p><p><strong>YOUR DEMISE<\/strong><\/p><p>On April 27, 1980, Jaeger was last seen at an altitude of 8,200 meters (26,900 ft) during an attempted ascent of Lhotse Shar in Nepal, where he died, aged 33. Canadian climber Roger Marshall on October 21, 1983 found Jaeger&#039;s body inside a tent less than 500 meters from the summit of Lhotse Shar.<\/p><p>\u2013 Author: Porfirio Cacha \u2013<\/p>\t\t\t\t\t\t\t\t<\/div>\n\t\t\t\t<\/div>\n\t\t\t\t\t<\/div>\n\t\t<\/div>\n\t\t\t\t\t<\/div>\n\t\t<\/section>\n\t\t\t\t<section class=\"elementor-section elementor-top-section elementor-element elementor-element-8e3bf22 elementor-section-boxed elementor-section-height-default elementor-section-height-default\" data-id=\"8e3bf22\" data-element_type=\"section\">\n\t\t\t\t\t\t<div class=\"elementor-container elementor-column-gap-default\">\n\t\t\t\t\t<div class=\"elementor-column elementor-col-100 elementor-top-column elementor-element elementor-element-83bdfc1\" data-id=\"83bdfc1\" data-element_type=\"column\">\n\t\t\t<div class=\"elementor-widget-wrap\">\n\t\t\t\t\t\t\t<\/div>\n\t\t<\/div>\n\t\t\t\t\t<\/div>\n\t\t<\/section>\n\t\t\t\t<\/div>","protected":false},"excerpt":{"rendered":"<p>The French mountaineer Nicolas Jaeger was born on October 20, 1946. He ascended Mount Everest (88,848 m.) in the<span class=\"excerpt-hellip\"> [\u2026]<\/span><\/p>","protected":false},"author":1,"featured_media":24910,"comment_status":"open","ping_status":"open","sticky":false,"template":"","format":"standard","meta":{"footnotes":""},"categories":[1,530],"tags":[144,594],"class_list":["post-24903","post","type-post","status-publish","format-standard","has-post-thumbnail","hentry","category-blog","category-montanismo","tag-montanismo","tag-nicolas-jeager"],"yoast_head":"<!-- This site is optimized with the Yoast SEO plugin v26.4 - https:\/\/yoast.com\/wordpress\/plugins\/seo\/ -->\n<title>Memoria a un grande del monta\u00f1ismo mundial: Nicolas Jeager | EnHuaraz<\/title>\n<meta name=\"robots\" content=\"index, follow, max-snippet:-1, max-image-preview:large, max-video-preview:-1\" \/>\n<link rel=\"canonical\" href=\"https:\/\/enhuaraz.com\/en\/memoria-a-un-grande-del-montanismo-mundial-nicolas-jeager\/\" \/>\n<meta property=\"og:locale\" content=\"en_US\" \/>\n<meta property=\"og:type\" content=\"article\" \/>\n<meta property=\"og:title\" content=\"Memoria a un grande del monta\u00f1ismo mundial: Nicolas Jeager | EnHuaraz\" \/>\n<meta property=\"og:description\" content=\"El Alpinista Franc\u00e9s Nicolas Jaeger naci\u00f3 un 20 de octubre de 1946. Ascendi\u00f3 el monte Everest (88848 m.) en el [\u2026]\" \/>\n<meta property=\"og:url\" content=\"https:\/\/enhuaraz.com\/en\/memoria-a-un-grande-del-montanismo-mundial-nicolas-jeager\/\" \/>\n<meta property=\"og:site_name\" content=\"EnHuaraz\" \/>\n<meta property=\"article:publisher\" content=\"https:\/\/www.facebook.com\/huaraz.biz\" \/>\n<meta property=\"article:published_time\" content=\"2023-12-30T16:20:36+00:00\" \/>\n<meta property=\"article:modified_time\" content=\"2023-12-30T16:30:19+00:00\" \/>\n<meta property=\"og:image\" content=\"https:\/\/enhuaraz.com\/wp-content\/uploads\/394562082_6880646235334518_7237969206123091831_n.jpg\" \/>\n\t<meta property=\"og:image:width\" content=\"786\" \/>\n\t<meta property=\"og:image:height\" content=\"464\" \/>\n\t<meta property=\"og:image:type\" content=\"image\/jpeg\" \/>\n<meta name=\"author\" content=\"Redaccion EnHuaraz\" \/>\n<meta name=\"twitter:card\" content=\"summary_large_image\" \/>\n<meta name=\"twitter:label1\" content=\"Written by\" \/>\n\t<meta name=\"twitter:data1\" content=\"Redaccion EnHuaraz\" \/>\n\t<meta name=\"twitter:label2\" content=\"Est. reading time\" \/>\n\t<meta name=\"twitter:data2\" content=\"2 minutes\" \/>\n<script type=\"application\/ld+json\" class=\"yoast-schema-graph\">{\"@context\":\"https:\/\/schema.org\",\"@graph\":[{\"@type\":\"Article\",\"@id\":\"https:\/\/enhuaraz.com\/memoria-a-un-grande-del-montanismo-mundial-nicolas-jeager\/#article\",\"isPartOf\":{\"@id\":\"https:\/\/enhuaraz.com\/memoria-a-un-grande-del-montanismo-mundial-nicolas-jeager\/\"},\"author\":{\"name\":\"Redaccion EnHuaraz\",\"@id\":\"https:\/\/enhuaraz.com\/#\/schema\/person\/652b732b53b9a1b75d511d0cfd5edd06\"},\"headline\":\"Memoria a un grande del monta\u00f1ismo mundial: Nicolas Jeager\",\"datePublished\":\"2023-12-30T16:20:36+00:00\",\"dateModified\":\"2023-12-30T16:30:19+00:00\",\"mainEntityOfPage\":{\"@id\":\"https:\/\/enhuaraz.com\/memoria-a-un-grande-del-montanismo-mundial-nicolas-jeager\/\"},\"wordCount\":333,\"commentCount\":0,\"publisher\":{\"@id\":\"https:\/\/enhuaraz.com\/#organization\"},\"image\":{\"@id\":\"https:\/\/enhuaraz.com\/memoria-a-un-grande-del-montanismo-mundial-nicolas-jeager\/#primaryimage\"},\"thumbnailUrl\":\"https:\/\/enhuaraz.com\/wp-content\/uploads\/394562082_6880646235334518_7237969206123091831_n.jpg\",\"keywords\":[\"monta\u00f1ismo\",\"Nicolas Jeager\"],\"articleSection\":[\"Blog\",\"Monta\u00f1ismo\"],\"inLanguage\":\"en-US\",\"potentialAction\":[{\"@type\":\"CommentAction\",\"name\":\"Comment\",\"target\":[\"https:\/\/enhuaraz.com\/memoria-a-un-grande-del-montanismo-mundial-nicolas-jeager\/#respond\"]}]},{\"@type\":\"WebPage\",\"@id\":\"https:\/\/enhuaraz.com\/memoria-a-un-grande-del-montanismo-mundial-nicolas-jeager\/\",\"url\":\"https:\/\/enhuaraz.com\/memoria-a-un-grande-del-montanismo-mundial-nicolas-jeager\/\",\"name\":\"Memoria a un grande del monta\u00f1ismo mundial: Nicolas Jeager | EnHuaraz\",\"isPartOf\":{\"@id\":\"https:\/\/enhuaraz.com\/#website\"},\"primaryImageOfPage\":{\"@id\":\"https:\/\/enhuaraz.com\/memoria-a-un-grande-del-montanismo-mundial-nicolas-jeager\/#primaryimage\"},\"image\":{\"@id\":\"https:\/\/enhuaraz.com\/memoria-a-un-grande-del-montanismo-mundial-nicolas-jeager\/#primaryimage\"},\"thumbnailUrl\":\"https:\/\/enhuaraz.com\/wp-content\/uploads\/394562082_6880646235334518_7237969206123091831_n.jpg\",\"datePublished\":\"2023-12-30T16:20:36+00:00\",\"dateModified\":\"2023-12-30T16:30:19+00:00\",\"breadcrumb\":{\"@id\":\"https:\/\/enhuaraz.com\/memoria-a-un-grande-del-montanismo-mundial-nicolas-jeager\/#breadcrumb\"},\"inLanguage\":\"en-US\",\"potentialAction\":[{\"@type\":\"ReadAction\",\"target\":[\"https:\/\/enhuaraz.com\/memoria-a-un-grande-del-montanismo-mundial-nicolas-jeager\/\"]}]},{\"@type\":\"ImageObject\",\"inLanguage\":\"en-US\",\"@id\":\"https:\/\/enhuaraz.com\/memoria-a-un-grande-del-montanismo-mundial-nicolas-jeager\/#primaryimage\",\"url\":\"https:\/\/enhuaraz.com\/wp-content\/uploads\/394562082_6880646235334518_7237969206123091831_n.jpg\",\"contentUrl\":\"https:\/\/enhuaraz.com\/wp-content\/uploads\/394562082_6880646235334518_7237969206123091831_n.jpg\",\"width\":786,\"height\":464},{\"@type\":\"BreadcrumbList\",\"@id\":\"https:\/\/enhuaraz.com\/memoria-a-un-grande-del-montanismo-mundial-nicolas-jeager\/#breadcrumb\",\"itemListElement\":[{\"@type\":\"ListItem\",\"position\":1,\"name\":\"Inicio\",\"item\":\"https:\/\/enhuaraz.com\/\"},{\"@type\":\"ListItem\",\"position\":2,\"name\":\"Memoria a un grande del monta\u00f1ismo mundial: Nicolas Jeager\"}]},{\"@type\":\"WebSite\",\"@id\":\"https:\/\/enhuaraz.com\/#website\",\"url\":\"https:\/\/enhuaraz.com\/\",\"name\":\"EnHuaraz\",\"description\":\"Directorio Turistico y Empresarial de Huaraz\",\"publisher\":{\"@id\":\"https:\/\/enhuaraz.com\/#organization\"},\"alternateName\":\"En Huaraz\",\"potentialAction\":[{\"@type\":\"SearchAction\",\"target\":{\"@type\":\"EntryPoint\",\"urlTemplate\":\"https:\/\/enhuaraz.com\/?s={search_term_string}\"},\"query-input\":{\"@type\":\"PropertyValueSpecification\",\"valueRequired\":true,\"valueName\":\"search_term_string\"}}],\"inLanguage\":\"en-US\"},{\"@type\":\"Organization\",\"@id\":\"https:\/\/enhuaraz.com\/#organization\",\"name\":\"EnHuaraz\",\"alternateName\":\"En Huaraz\",\"url\":\"https:\/\/enhuaraz.com\/\",\"logo\":{\"@type\":\"ImageObject\",\"inLanguage\":\"en-US\",\"@id\":\"https:\/\/enhuaraz.com\/#\/schema\/logo\/image\/\",\"url\":\"https:\/\/enhuaraz.com\/wp-content\/uploads\/hz.jpg\",\"contentUrl\":\"https:\/\/enhuaraz.com\/wp-content\/uploads\/hz.jpg\",\"width\":1200,\"height\":600,\"caption\":\"EnHuaraz\"},\"image\":{\"@id\":\"https:\/\/enhuaraz.com\/#\/schema\/logo\/image\/\"},\"sameAs\":[\"https:\/\/www.facebook.com\/huaraz.biz\"]},{\"@type\":\"Person\",\"@id\":\"https:\/\/enhuaraz.com\/#\/schema\/person\/652b732b53b9a1b75d511d0cfd5edd06\",\"name\":\"Redaccion EnHuaraz\",\"image\":{\"@type\":\"ImageObject\",\"inLanguage\":\"en-US\",\"@id\":\"https:\/\/enhuaraz.com\/#\/schema\/person\/image\/\",\"url\":\"https:\/\/secure.gravatar.com\/avatar\/7d58676cb631516cc292d619e9cc3458e95fb606735302ad694f260f01bae0f8?s=96&d=mm&r=g\",\"contentUrl\":\"https:\/\/secure.gravatar.com\/avatar\/7d58676cb631516cc292d619e9cc3458e95fb606735302ad694f260f01bae0f8?s=96&d=mm&r=g\",\"caption\":\"Redaccion EnHuaraz\"},\"sameAs\":[\"https:\/\/enhuaraz.com\/\"],\"url\":\"https:\/\/enhuaraz.com\/en\/author\/admin\/\"}]}<\/script>\n<!-- \/ Yoast SEO plugin. -->","yoast_head_json":{"title":"Memoria a un grande del monta\u00f1ismo mundial: Nicolas Jeager | EnHuaraz","robots":{"index":"index","follow":"follow","max-snippet":"max-snippet:-1","max-image-preview":"max-image-preview:large","max-video-preview":"max-video-preview:-1"},"canonical":"https:\/\/enhuaraz.com\/en\/memoria-a-un-grande-del-montanismo-mundial-nicolas-jeager\/","og_locale":"en_US","og_type":"article","og_title":"Memoria a un grande del monta\u00f1ismo mundial: Nicolas Jeager | EnHuaraz","og_description":"El Alpinista Franc\u00e9s Nicolas Jaeger naci\u00f3 un 20 de octubre de 1946. Ascendi\u00f3 el monte Everest (88848 m.) en el [\u2026]","og_url":"https:\/\/enhuaraz.com\/en\/memoria-a-un-grande-del-montanismo-mundial-nicolas-jeager\/","og_site_name":"EnHuaraz","article_publisher":"https:\/\/www.facebook.com\/huaraz.biz","article_published_time":"2023-12-30T16:20:36+00:00","article_modified_time":"2023-12-30T16:30:19+00:00","og_image":[{"width":786,"height":464,"url":"https:\/\/enhuaraz.com\/wp-content\/uploads\/394562082_6880646235334518_7237969206123091831_n.jpg","type":"image\/jpeg"}],"author":"Redaccion EnHuaraz","twitter_card":"summary_large_image","twitter_misc":{"Written by":"Redaccion EnHuaraz","Est. reading time":"2 minutes"},"schema":{"@context":"https:\/\/schema.org","@graph":[{"@type":"Article","@id":"https:\/\/enhuaraz.com\/memoria-a-un-grande-del-montanismo-mundial-nicolas-jeager\/#article","isPartOf":{"@id":"https:\/\/enhuaraz.com\/memoria-a-un-grande-del-montanismo-mundial-nicolas-jeager\/"},"author":{"name":"Redaccion EnHuaraz","@id":"https:\/\/enhuaraz.com\/#\/schema\/person\/652b732b53b9a1b75d511d0cfd5edd06"},"headline":"Memoria a un grande del monta\u00f1ismo mundial: Nicolas Jeager","datePublished":"2023-12-30T16:20:36+00:00","dateModified":"2023-12-30T16:30:19+00:00","mainEntityOfPage":{"@id":"https:\/\/enhuaraz.com\/memoria-a-un-grande-del-montanismo-mundial-nicolas-jeager\/"},"wordCount":333,"commentCount":0,"publisher":{"@id":"https:\/\/enhuaraz.com\/#organization"},"image":{"@id":"https:\/\/enhuaraz.com\/memoria-a-un-grande-del-montanismo-mundial-nicolas-jeager\/#primaryimage"},"thumbnailUrl":"https:\/\/enhuaraz.com\/wp-content\/uploads\/394562082_6880646235334518_7237969206123091831_n.jpg","keywords":["monta\u00f1ismo","Nicolas Jeager"],"articleSection":["Blog","Monta\u00f1ismo"],"inLanguage":"en-US","potentialAction":[{"@type":"CommentAction","name":"Comment","target":["https:\/\/enhuaraz.com\/memoria-a-un-grande-del-montanismo-mundial-nicolas-jeager\/#respond"]}]},{"@type":"WebPage","@id":"https:\/\/enhuaraz.com\/memoria-a-un-grande-del-montanismo-mundial-nicolas-jeager\/","url":"https:\/\/enhuaraz.com\/memoria-a-un-grande-del-montanismo-mundial-nicolas-jeager\/","name":"Memoria a un grande del monta\u00f1ismo mundial: Nicolas Jeager | EnHuaraz","isPartOf":{"@id":"https:\/\/enhuaraz.com\/#website"},"primaryImageOfPage":{"@id":"https:\/\/enhuaraz.com\/memoria-a-un-grande-del-montanismo-mundial-nicolas-jeager\/#primaryimage"},"image":{"@id":"https:\/\/enhuaraz.com\/memoria-a-un-grande-del-montanismo-mundial-nicolas-jeager\/#primaryimage"},"thumbnailUrl":"https:\/\/enhuaraz.com\/wp-content\/uploads\/394562082_6880646235334518_7237969206123091831_n.jpg","datePublished":"2023-12-30T16:20:36+00:00","dateModified":"2023-12-30T16:30:19+00:00","breadcrumb":{"@id":"https:\/\/enhuaraz.com\/memoria-a-un-grande-del-montanismo-mundial-nicolas-jeager\/#breadcrumb"},"inLanguage":"en-US","potentialAction":[{"@type":"ReadAction","target":["https:\/\/enhuaraz.com\/memoria-a-un-grande-del-montanismo-mundial-nicolas-jeager\/"]}]},{"@type":"ImageObject","inLanguage":"en-US","@id":"https:\/\/enhuaraz.com\/memoria-a-un-grande-del-montanismo-mundial-nicolas-jeager\/#primaryimage","url":"https:\/\/enhuaraz.com\/wp-content\/uploads\/394562082_6880646235334518_7237969206123091831_n.jpg","contentUrl":"https:\/\/enhuaraz.com\/wp-content\/uploads\/394562082_6880646235334518_7237969206123091831_n.jpg","width":786,"height":464},{"@type":"BreadcrumbList","@id":"https:\/\/enhuaraz.com\/memoria-a-un-grande-del-montanismo-mundial-nicolas-jeager\/#breadcrumb","itemListElement":[{"@type":"ListItem","position":1,"name":"Inicio","item":"https:\/\/enhuaraz.com\/"},{"@type":"ListItem","position":2,"name":"Memoria a un grande del monta\u00f1ismo mundial: Nicolas Jeager"}]},{"@type":"WebSite","@id":"https:\/\/enhuaraz.com\/#website","url":"https:\/\/enhuaraz.com\/","name":"InHuaraz","description":"Huaraz Tourist and Business Directory","publisher":{"@id":"https:\/\/enhuaraz.com\/#organization"},"alternateName":"En Huaraz","potentialAction":[{"@type":"SearchAction","target":{"@type":"EntryPoint","urlTemplate":"https:\/\/enhuaraz.com\/?s={search_term_string}"},"query-input":{"@type":"PropertyValueSpecification","valueRequired":true,"valueName":"search_term_string"}}],"inLanguage":"en-US"},{"@type":"Organization","@id":"https:\/\/enhuaraz.com\/#organization","name":"InHuaraz","alternateName":"En Huaraz","url":"https:\/\/enhuaraz.com\/","logo":{"@type":"ImageObject","inLanguage":"en-US","@id":"https:\/\/enhuaraz.com\/#\/schema\/logo\/image\/","url":"https:\/\/enhuaraz.com\/wp-content\/uploads\/hz.jpg","contentUrl":"https:\/\/enhuaraz.com\/wp-content\/uploads\/hz.jpg","width":1200,"height":600,"caption":"EnHuaraz"},"image":{"@id":"https:\/\/enhuaraz.com\/#\/schema\/logo\/image\/"},"sameAs":["https:\/\/www.facebook.com\/huaraz.biz"]},{"@type":"Person","@id":"https:\/\/enhuaraz.com\/#\/schema\/person\/652b732b53b9a1b75d511d0cfd5edd06","name":"Editorial InHuaraz","image":{"@type":"ImageObject","inLanguage":"en-US","@id":"https:\/\/enhuaraz.com\/#\/schema\/person\/image\/","url":"https:\/\/secure.gravatar.com\/avatar\/7d58676cb631516cc292d619e9cc3458e95fb606735302ad694f260f01bae0f8?s=96&d=mm&r=g","contentUrl":"https:\/\/secure.gravatar.com\/avatar\/7d58676cb631516cc292d619e9cc3458e95fb606735302ad694f260f01bae0f8?s=96&d=mm&r=g","caption":"Redaccion EnHuaraz"},"sameAs":["https:\/\/enhuaraz.com\/"],"url":"https:\/\/enhuaraz.com\/en\/author\/admin\/"}]}},"amp_enabled":true,"_links":{"self":[{"href":"https:\/\/enhuaraz.com\/en\/wp-json\/wp\/v2\/posts\/24903","targetHints":{"allow":["GET"]}}],"collection":[{"href":"https:\/\/enhuaraz.com\/en\/wp-json\/wp\/v2\/posts"}],"about":[{"href":"https:\/\/enhuaraz.com\/en\/wp-json\/wp\/v2\/types\/post"}],"author":[{"embeddable":true,"href":"https:\/\/enhuaraz.com\/en\/wp-json\/wp\/v2\/users\/1"}],"replies":[{"embeddable":true,"href":"https:\/\/enhuaraz.com\/en\/wp-json\/wp\/v2\/comments?post=24903"}],"version-history":[{"count":5,"href":"https:\/\/enhuaraz.com\/en\/wp-json\/wp\/v2\/posts\/24903\/revisions"}],"predecessor-version":[{"id":24911,"href":"https:\/\/enhuaraz.com\/en\/wp-json\/wp\/v2\/posts\/24903\/revisions\/24911"}],"wp:featuredmedia":[{"embeddable":true,"href":"https:\/\/enhuaraz.com\/en\/wp-json\/wp\/v2\/media\/24910"}],"wp:attachment":[{"href":"https:\/\/enhuaraz.com\/en\/wp-json\/wp\/v2\/media?parent=24903"}],"wp:term":[{"taxonomy":"category","embeddable":true,"href":"https:\/\/enhuaraz.com\/en\/wp-json\/wp\/v2\/categories?post=24903"},{"taxonomy":"post_tag","embeddable":true,"href":"https:\/\/enhuaraz.com\/en\/wp-json\/wp\/v2\/tags?post=24903"}],"curies":[{"name":"wp","href":"https:\/\/api.w.org\/{rel}","templated":true}]}}